{"id":4048,"date":"2026-04-16T16:06:55","date_gmt":"2026-04-16T16:06:55","guid":{"rendered":"https:\/\/www.animaker.co\/blog\/?p=4048"},"modified":"2026-04-16T16:17:03","modified_gmt":"2026-04-16T16:17:03","slug":"animaker-expansao-brasil","status":"publish","type":"post","link":"https:\/\/www.animaker.co\/blog\/animaker-expansao-brasil\/","title":{"rendered":"Levando a arte de contar hist\u00f3rias para o mundo &#8211; O novo cap\u00edtulo da Animaker no Rio de Janeiro!"},"content":{"rendered":"<p><span id=\"rgb(177, 130, 212)\"><\/span><\/p>\n\n\n<p>H\u00e1 um pa\u00eds no Ocidente moldado por uma rica miscel\u00e2nea de culturas. Vive e respira a narrativa de hist\u00f3rias, do <em>Samba<\/em> e da arte de rua ao futebol e \u00e0 m\u00fasica funk.&nbsp;<\/p>\n\n\n\n<p>Seu nome evoca cores vibrantes e, por tr\u00e1s dele, uma onda de empreendedores locais est\u00e1 redefinindo a forma como as marcas crescem \u00e0 escala global.&nbsp;<\/p>\n\n\n\n<p>Sua cultura digital \u00e9 igualmente profunda. Aqui, os criadores n\u00e3o se limitam a produzir conte\u00fados \u2013 eles definem tend\u00eancias que o resto do mundo segue.<\/p>\n\n\n\n<p>Esse pa\u00eds \u00e9 o <strong>Brasil<\/strong>. \ud83c\udde7\ud83c\uddf7<\/p>\n\n\n\n<p>E no seu cerne est\u00e1 o <strong>Rio de Janeiro<\/strong>\u2026<\/p>\n\n\n\n<p>E a Animaker tem agora o orgulho de cham\u00e1-lo de <strong><em>casa.<\/em><\/strong><\/p>\n\n\n\n<p>Sim!&nbsp;<\/p>\n\n\n\n<p>Hoje, anunciamos com alegria que a <strong><em>Animaker<\/em><\/strong> \u2013 uma plataforma l\u00edder de cria\u00e7\u00e3o de v\u00eddeos e anima\u00e7\u00f5es com tecnologia de IA \u2013 est\u00e1 estabelecendo oficialmente sua presen\u00e7a no Rio de Janeiro, Brasil.<\/p>\n\n\n\n<p>Essa \u00e9 a nossa expans\u00e3o internacional mais significativa at\u00e9 o momento.&nbsp;<\/p>\n\n\n\n<p>Mas n\u00e3o \u00e9 s\u00f3 isso. Estamos associando esse marco ao lan\u00e7amento com mais funcionalidades da hist\u00f3ria da Animaker, concebido especificamente para servir criadores, profissionais de marketing e educadores em todo o Brasil e na Am\u00e9rica Latina.<\/p>\n\n\n\n<figure class=\"wp-block-image size-large\"><img loading=\"lazy\" decoding=\"async\" width=\"1024\" height=\"576\" src=\"https:\/\/www.animaker.co\/blog\/wp-content\/uploads\/2026\/04\/Brazil-Blog-07-1024x576.png\" alt=\"\" class=\"wp-image-4038\" srcset=\"https:\/\/www.animaker.co\/blog\/wp-content\/uploads\/2026\/04\/Brazil-Blog-07-1024x576.png 1024w, https:\/\/www.animaker.co\/blog\/wp-content\/uploads\/2026\/04\/Brazil-Blog-07-300x169.png 300w, https:\/\/www.animaker.co\/blog\/wp-content\/uploads\/2026\/04\/Brazil-Blog-07-768x432.png 768w, https:\/\/www.animaker.co\/blog\/wp-content\/uploads\/2026\/04\/Brazil-Blog-07.png 1200w\" sizes=\"(max-width: 1024px) 100vw, 1024px\" \/><\/figure>\n\n\n\n<h3 class=\"wp-block-heading\"><strong>Porqu\u00ea o Rio? Porqu\u00ea agora?<\/strong><\/h3>\n\n\n\n<p>O Brasil \u00e9 o maior mercado de conte\u00fados de v\u00eddeo da Am\u00e9rica Latina e um dos cinco maiores do mundo.&nbsp;<\/p>\n\n\n\n<p>Os usu\u00e1rios brasileiros passam mais tempo diariamente em plataformas como o TikTok, o Instagram e os v\u00eddeos do YouTube do que qualquer outro pa\u00eds.&nbsp;<\/p>\n\n\n\n<p>Por\u00e9m, apesar desse enorme apetite por conte\u00fado, os criadores e as empresas locais muitas vezes tiveram de recorrer a ferramentas que n\u00e3o foram concebidas especificamente para eles.<\/p>\n\n\n\n<p>De barreiras lingu\u00edsticas a localiza\u00e7\u00e3o limitada e fluxos de trabalho padronizados, \u00e9 imposs\u00edvel ignorar essa lacuna.<\/p>\n\n\n\n<p>Vimos isso acontecer em primeira m\u00e3o.<\/p>\n\n\n\n<p>Nos \u00faltimos anos, a Animaker criou discretamente uma comunidade entusiasta em todo o Brasil, especialmente em S\u00e3o Paulo, Bras\u00edlia, Belo Horizonte e, cada vez mais, no Rio de Janeiro.&nbsp;<\/p>\n\n\n\n<p>O que eles conseguiram com nossa plataforma \u00e9 incr\u00edvel.<\/p>\n\n\n\n<p>Eles utilizaram a Animaker para criar anima\u00e7\u00f5es em grande escala, construindo ag\u00eancias, expandindo canais do YouTube, formando equipes remotas e lan\u00e7ando marcas que v\u00e3o muito al\u00e9m de suas fronteiras.<\/p>\n\n\n\n<p>Devemos a eles mais do que um produto alojado do outro lado do oceano. Eles merecem um parceiro que esteja mais pr\u00f3ximo, seja mais r\u00e1pido e os compreenda verdadeiramente.<\/p>\n\n\n\n<p>\u00c9 esse o significado de nossa presen\u00e7a no Rio de Janeiro.<\/p>\n\n\n\n<p>Por tr\u00e1s desta expans\u00e3o est\u00e1 uma equipe apaixonada no terreno, no Brasil, liderada por Victor, que compreende a cultura, os criadores e o ritmo deste mercado.<\/p>\n\n\n<div class=\"wp-block-image\">\n<figure class=\"aligncenter size-medium is-resized\"><img loading=\"lazy\" decoding=\"async\" width=\"300\" height=\"263\" src=\"https:\/\/www.animaker.co\/blog\/wp-content\/uploads\/2026\/04\/Animaker-Expansion-in-Brazil-1-300x263.jpeg\" alt=\"\" class=\"wp-image-4034\" style=\"width:326px;height:auto\" srcset=\"https:\/\/www.animaker.co\/blog\/wp-content\/uploads\/2026\/04\/Animaker-Expansion-in-Brazil-1-300x263.jpeg 300w, https:\/\/www.animaker.co\/blog\/wp-content\/uploads\/2026\/04\/Animaker-Expansion-in-Brazil-1-1024x898.jpeg 1024w, https:\/\/www.animaker.co\/blog\/wp-content\/uploads\/2026\/04\/Animaker-Expansion-in-Brazil-1-768x674.jpeg 768w, https:\/\/www.animaker.co\/blog\/wp-content\/uploads\/2026\/04\/Animaker-Expansion-in-Brazil-1-1536x1347.jpeg 1536w, https:\/\/www.animaker.co\/blog\/wp-content\/uploads\/2026\/04\/Animaker-Expansion-in-Brazil-1-2048x1797.jpeg 2048w\" sizes=\"(max-width: 300px) 100vw, 300px\" \/><\/figure><\/div>\n\n\n<p>Temos o compromisso de estar pr\u00f3ximos de nossos clientes brasileiros, compreender profundamente suas necessidades e a criar para eles, e n\u00e3o pensar neles \u00e0 \u00faltima hora.<\/p>\n\n\n\n<p><strong>O que voc\u00ea pode esperar de nossa expans\u00e3o para o Rio:<\/strong><\/p>\n\n\n\n<ol>\n<li><strong>Uma experi\u00eancia que prioriza o portugu\u00eas<\/strong> \u2013 Conte\u00fado, modelos e suporte perfeito no aplicativo<\/li>\n\n\n\n<li><strong>Feito sob medida para as suas necessidades<\/strong> \u2013 Produto moldado pelas opini\u00f5es de nossos criadores brasileiros<\/li>\n\n\n\n<li><strong>Uma equipe local dedicada<\/strong> \u2013 O \u00eaxito dos clientes locais, aqui mesmo no Rio<\/li>\n\n\n\n<li><strong>Pre\u00e7os ajustado ao mercado<\/strong> \u2013 Planos flex\u00edveis para o Brasil, a Am\u00e9rica Latina e o crescimento empresarial<\/li>\n\n\n\n<li><strong>Uma comunidade local pr\u00f3spera<\/strong> \u2013 Eventos, encontros de criadores e workshops em todo o Brasil<\/li>\n<\/ol>\n\n\n\n<h3 class=\"wp-block-heading\"><strong>O que h\u00e1 de novo: O maior lan\u00e7amento de produto da Animaker at\u00e9 hoje<\/strong><\/h3>\n\n\n\n<p>Este marco assinala a chegada da pr\u00f3xima gera\u00e7\u00e3o da Animaker \u2013 um novo conjunto de funcionalidades desenvolvidas para serem mais r\u00e1pidas, mais inteligentes e mais poderosas do que nunca.<\/p>\n\n\n\n<p>Eis o que est\u00e1 agora dispon\u00edvel:<\/p>\n\n\n\n<h4 class=\"wp-block-heading\"><strong>1. AI Clip Generator \u2013 Da ideia ao v\u00eddeo cinematogr\u00e1fico em segundos<\/strong><\/h4>\n\n\n\n<p>Descreva um cen\u00e1rio e receba um clipe de v\u00eddeo cinematogr\u00e1fico final em poucos segundos.<\/p>\n\n\n\n<p>O novo <strong>Gerador de clipes com IA<\/strong> transforma instru\u00e7\u00f5es de texto em clipes de v\u00eddeo deslumbrantes e visualmente apelativos.<\/p>\n\n\n\n<figure class=\"wp-block-image size-large\"><img loading=\"lazy\" decoding=\"async\" width=\"1024\" height=\"576\" src=\"https:\/\/www.animaker.co\/blog\/wp-content\/uploads\/2026\/04\/Custom-Size-\u2013-7-1024x576.png\" alt=\"Clip maker\" class=\"wp-image-4041\" srcset=\"https:\/\/www.animaker.co\/blog\/wp-content\/uploads\/2026\/04\/Custom-Size-\u2013-7-1024x576.png 1024w, https:\/\/www.animaker.co\/blog\/wp-content\/uploads\/2026\/04\/Custom-Size-\u2013-7-300x169.png 300w, https:\/\/www.animaker.co\/blog\/wp-content\/uploads\/2026\/04\/Custom-Size-\u2013-7-768x432.png 768w, https:\/\/www.animaker.co\/blog\/wp-content\/uploads\/2026\/04\/Custom-Size-\u2013-7-1536x864.png 1536w, https:\/\/www.animaker.co\/blog\/wp-content\/uploads\/2026\/04\/Custom-Size-\u2013-7-2048x1152.png 2048w\" sizes=\"(max-width: 1024px) 100vw, 1024px\" \/><\/figure>\n\n\n\n<p>O que \u00e9 poss\u00edvel com o Gerador de clipes com IA do Animaker \u2013&nbsp;<\/p>\n\n\n\n<ul>\n<li>Passe da ideia ao clipe final em segundos!<\/li>\n\n\n\n<li>Propor\u00e7\u00f5es, dura\u00e7\u00f5es e estilos ajust\u00e1veis<\/li>\n\n\n\n<li>Ideal para fotografias de produtos, v\u00eddeos explicativos, fic\u00e7\u00e3o cient\u00edfica e tudo o mais<\/li>\n\n\n\n<li>Sem fotografias. Sem edi\u00e7\u00f5es. Sem limites.<\/li>\n<\/ul>\n\n\n\n<h4 class=\"wp-block-heading\"><strong>2. AI Translate \u2013 Fa\u00e7a seus v\u00eddeis falar todos os idiomas<\/strong><\/h4>\n\n\n\n<p>A Am\u00e9rica Latina se destaca pela sua diversidade, moldada por uma rica miscel\u00e2nea de culturas e idiomas.<\/p>\n\n\n\n<p>Com o recurso Tradu\u00e7\u00e3o IA do Animaker, seus v\u00eddeos agora podem alcan\u00e7ar todos os cantos da regi\u00e3o e mais al\u00e9m! Traduza o texto e o \u00e1udio de seu v\u00eddeo para dezenas de idiomas com um \u00fanico clique, sem precisar refazer nenhuma cena.<\/p>\n\n\n\n<figure class=\"wp-block-image size-large\"><img loading=\"lazy\" decoding=\"async\" width=\"1024\" height=\"576\" src=\"https:\/\/www.animaker.co\/blog\/wp-content\/uploads\/2026\/04\/Custom-Size-\u2013-8-1024x576.png\" alt=\"AI Translate\" class=\"wp-image-4042\" srcset=\"https:\/\/www.animaker.co\/blog\/wp-content\/uploads\/2026\/04\/Custom-Size-\u2013-8-1024x576.png 1024w, https:\/\/www.animaker.co\/blog\/wp-content\/uploads\/2026\/04\/Custom-Size-\u2013-8-300x169.png 300w, https:\/\/www.animaker.co\/blog\/wp-content\/uploads\/2026\/04\/Custom-Size-\u2013-8-768x432.png 768w, https:\/\/www.animaker.co\/blog\/wp-content\/uploads\/2026\/04\/Custom-Size-\u2013-8-1536x864.png 1536w, https:\/\/www.animaker.co\/blog\/wp-content\/uploads\/2026\/04\/Custom-Size-\u2013-8-2048x1152.png 2048w\" sizes=\"(max-width: 1024px) 100vw, 1024px\" \/><\/figure>\n\n\n\n<p>O que \u00e9 poss\u00edvel com o recurso Tradu\u00e7\u00e3o IA do Animaker \u2013&nbsp;<\/p>\n\n\n\n<ul>\n<li>&#8211; Traduza tanto o texto na tela quanto a locu\u00e7\u00e3o em \u00e1udio<\/li>\n\n\n\n<li>&#8211; Mais de 100 idiomas suportados<\/li>\n\n\n\n<li>&#8211; Ideal para l\u00edderes de L&amp;D, criadores de conte\u00fado, marcas e educadores<\/li>\n\n\n\n<li>&#8211; Particularmente poderoso para criadores brasileiros que est\u00e3o se expandindo para os mercados da Am\u00e9rica Latina de l\u00edngua espanhola<\/li>\n<\/ul>\n\n\n\n<h4 class=\"wp-block-heading\"><strong>3. AI Whiteboard Video Maker \u2013 Totalmente repensado desde o in\u00edcio<\/strong><\/h4>\n\n\n\n<p>O cl\u00e1ssico formato de v\u00eddeo em quadro branco recebe uma atualiza\u00e7\u00e3o completa com tecnologia de IA!<\/p>\n\n\n\n<p>Com o novo Criador de v\u00eddeos de quadro branco com IA do Animaker, criar v\u00eddeos explicativos profissionais em quadro branco demora agora apenas uma fra\u00e7\u00e3o do tempo.<\/p>\n\n\n\n<figure class=\"wp-block-image size-large\"><img loading=\"lazy\" decoding=\"async\" width=\"1024\" height=\"576\" src=\"https:\/\/www.animaker.co\/blog\/wp-content\/uploads\/2026\/04\/Custom-Size-\u2013-9-1024x576.png\" alt=\"whiteboard video maker\" class=\"wp-image-4043\" srcset=\"https:\/\/www.animaker.co\/blog\/wp-content\/uploads\/2026\/04\/Custom-Size-\u2013-9-1024x576.png 1024w, https:\/\/www.animaker.co\/blog\/wp-content\/uploads\/2026\/04\/Custom-Size-\u2013-9-300x169.png 300w, https:\/\/www.animaker.co\/blog\/wp-content\/uploads\/2026\/04\/Custom-Size-\u2013-9-768x432.png 768w, https:\/\/www.animaker.co\/blog\/wp-content\/uploads\/2026\/04\/Custom-Size-\u2013-9-1536x864.png 1536w, https:\/\/www.animaker.co\/blog\/wp-content\/uploads\/2026\/04\/Custom-Size-\u2013-9-2048x1152.png 2048w\" sizes=\"(max-width: 1024px) 100vw, 1024px\" \/><\/figure>\n\n\n\n<p>O que \u00e9 poss\u00edvel com o Criador de v\u00eddeos de quadro branco com IA do Animaker \u2013&nbsp;<\/p>\n\n\n\n<ul>\n<li>&#8211; A IA controla o tempo das anima\u00e7\u00f5es, as sequ\u00eancias de desenho e as transi\u00e7\u00f5es<\/li>\n\n\n\n<li>&#8211; Ideal para educadores, instrutores de treinamento e desenvolvimento e equipes de marketing<\/li>\n\n\n\n<li>&#8211; Personagens, planos de fundo e narra\u00e7\u00e3o personaliz\u00e1veis para o quadro branco<\/li>\n<\/ul>\n\n\n\n<h4 class=\"wp-block-heading\"><strong>4. Infographics 3.0 \u2013 Dados que contam uma hist\u00f3ria<\/strong><\/h4>\n\n\n\n<p>Os n\u00fameros s\u00e3o poderosos. Mas nem sempre eles se conectam por conta pr\u00f3pria.&nbsp;<\/p>\n\n\n\n<p>Foi por isso que reconstru\u00edmos o recurso V\u00eddeo de infogr\u00e1ficos IA do zero no Animaker 3.0, dando aos seus dados o destaque visual que eles realmente merecem.<\/p>\n\n\n\n<figure class=\"wp-block-image size-large\"><img loading=\"lazy\" decoding=\"async\" width=\"1024\" height=\"576\" src=\"https:\/\/www.animaker.co\/blog\/wp-content\/uploads\/2026\/04\/Custom-Size-\u2013-10-1024x576.png\" alt=\"Infographics\" class=\"wp-image-4044\" srcset=\"https:\/\/www.animaker.co\/blog\/wp-content\/uploads\/2026\/04\/Custom-Size-\u2013-10-1024x576.png 1024w, https:\/\/www.animaker.co\/blog\/wp-content\/uploads\/2026\/04\/Custom-Size-\u2013-10-300x169.png 300w, https:\/\/www.animaker.co\/blog\/wp-content\/uploads\/2026\/04\/Custom-Size-\u2013-10-768x432.png 768w, https:\/\/www.animaker.co\/blog\/wp-content\/uploads\/2026\/04\/Custom-Size-\u2013-10-1536x864.png 1536w, https:\/\/www.animaker.co\/blog\/wp-content\/uploads\/2026\/04\/Custom-Size-\u2013-10-2048x1152.png 2048w\" sizes=\"(max-width: 1024px) 100vw, 1024px\" \/><\/figure>\n\n\n\n<p>O que \u00e9 poss\u00edvel com o V\u00eddeo de infogr\u00e1ficos IA do Animaker \u2013&nbsp;<\/p>\n\n\n\n<ul>\n<li>&#8211; Controle detalhado sobre cada elemento: cores, gr\u00e1ficos, disposi\u00e7\u00e3o<\/li>\n\n\n\n<li>&#8211; Importa\u00e7\u00e3o com um clique do Google Sheets, CSV ou ChatGPT<\/li>\n\n\n\n<li>&#8211; Infogr\u00e1ficos animados que cativam, n\u00e3o apenas informam<\/li>\n\n\n\n<li>&#8211; Recriado para atender \u00e0s demandas dos designers e contadores de hist\u00f3rias de dados de hoje<\/li>\n<\/ul>\n\n\n\n<h4 class=\"wp-block-heading\"><strong>5. V\u00eddeos de Gen AI com personagens do Animaker<\/strong><\/h4>\n\n\n\n<p>Crie v\u00eddeos completos com IA generativa partindo apenas de uma instru\u00e7\u00e3o. Agora com os personagens ic\u00f4nicos do Animaker em destaque.&nbsp;<\/p>\n\n\n\n<p>Comece com uma instru\u00e7\u00e3o, escolha seus personagens e veja um v\u00eddeo animado completo ganhar vida. Esse \u00e9 o futuro da cria\u00e7\u00e3o de hist\u00f3rias animadas, e ele j\u00e1 est\u00e1 aqui!<\/p>\n\n\n\n<figure class=\"wp-block-image size-large\"><img loading=\"lazy\" decoding=\"async\" width=\"1024\" height=\"576\" src=\"https:\/\/www.animaker.co\/blog\/wp-content\/uploads\/2026\/04\/Custom-Size-\u2013-11-1024x576.png\" alt=\"Gen AI\" class=\"wp-image-4045\" srcset=\"https:\/\/www.animaker.co\/blog\/wp-content\/uploads\/2026\/04\/Custom-Size-\u2013-11-1024x576.png 1024w, https:\/\/www.animaker.co\/blog\/wp-content\/uploads\/2026\/04\/Custom-Size-\u2013-11-300x169.png 300w, https:\/\/www.animaker.co\/blog\/wp-content\/uploads\/2026\/04\/Custom-Size-\u2013-11-768x432.png 768w, https:\/\/www.animaker.co\/blog\/wp-content\/uploads\/2026\/04\/Custom-Size-\u2013-11-1536x864.png 1536w, https:\/\/www.animaker.co\/blog\/wp-content\/uploads\/2026\/04\/Custom-Size-\u2013-11-2048x1152.png 2048w\" sizes=\"(max-width: 1024px) 100vw, 1024px\" \/><\/figure>\n\n\n\n<p>O que \u00e9 poss\u00edvel fazer com o Criador de v\u00eddeos com IA generativa do Animaker \u2013&nbsp;<\/p>\n\n\n\n<ul>\n<li>&#8211; Cenas animadas completas em segundos<\/li>\n\n\n\n<li>&#8211; Personagens do Animaker integrados aos v\u00eddeos<\/li>\n\n\n\n<li>&#8211; Perfeito para criadores, profissionais de marketing e contadores de hist\u00f3rias<\/li>\n<\/ul>\n\n\n\n<h4 class=\"wp-block-heading\"><strong>6. Nano LMS&nbsp;<\/strong><\/h4>\n\n\n\n<p>A aprendizagem n\u00e3o precisa ser complicada ou complexa para ser eficaz.&nbsp;<\/p>\n\n\n\n<p>O Nano LMS do Animaker \u00e9 uma vers\u00e3o simplificada de um LMS tradicional, concebida para proporcionar experi\u00eancias de aprendizado r\u00e1pidas e simples.<\/p>\n\n\n<div class=\"wp-block-image\">\n<figure class=\"aligncenter size-large\"><img loading=\"lazy\" decoding=\"async\" width=\"1024\" height=\"576\" src=\"https:\/\/www.animaker.co\/blog\/wp-content\/uploads\/2026\/04\/Custom-Size-\u2013-12-1024x576.png\" alt=\"Nano LMS\" class=\"wp-image-4046\" srcset=\"https:\/\/www.animaker.co\/blog\/wp-content\/uploads\/2026\/04\/Custom-Size-\u2013-12-1024x576.png 1024w, https:\/\/www.animaker.co\/blog\/wp-content\/uploads\/2026\/04\/Custom-Size-\u2013-12-300x169.png 300w, https:\/\/www.animaker.co\/blog\/wp-content\/uploads\/2026\/04\/Custom-Size-\u2013-12-768x432.png 768w, https:\/\/www.animaker.co\/blog\/wp-content\/uploads\/2026\/04\/Custom-Size-\u2013-12-1536x864.png 1536w, https:\/\/www.animaker.co\/blog\/wp-content\/uploads\/2026\/04\/Custom-Size-\u2013-12-2048x1152.png 2048w\" sizes=\"(max-width: 1024px) 100vw, 1024px\" \/><\/figure><\/div>\n\n\n<p>Contrariamente \u00e0s grandes plataformas, como o Moodle, o Nano LMS privilegia a disponibiliza\u00e7\u00e3o de li\u00e7\u00f5es curtas, microcursos ou m\u00f3dulos de forma\u00e7\u00e3o de f\u00e1cil acesso em dispositivos m\u00f3veis ou sistemas com poucos recursos.&nbsp;<\/p>\n\n\n\n<p>O que \u00e9 poss\u00edvel com o Nano LMS do Animaker \u2013&nbsp;<\/p>\n\n\n\n<ul>\n<li>&#8211; Crie e compartilhe li\u00e7\u00f5es curtas, v\u00eddeos e m\u00f3dulos de treinamento<\/li>\n\n\n\n<li>&#8211; Desempenho otimizado em dispositivos m\u00f3veis e ambientes com poucos recursos<\/li>\n\n\n\n<li>&#8211; Sem necessidade de configura\u00e7\u00f5es pesadas ou sistemas complexos<\/li>\n\n\n\n<li>&#8211; Experi\u00eancias focadas e envolventes, sem confus\u00e3o<\/li>\n\n\n\n<li>&#8211; Ideal para escolas, startups e organiza\u00e7\u00f5es que buscam ampliar o aprendizado<\/li>\n<\/ul>\n\n\n\n<h3 class=\"wp-block-heading\"><strong>Nossa vis\u00e3o para a Am\u00e9rica Latina<\/strong><\/h3>\n\n\n\n<p>O Rio \u00e9 apenas o come\u00e7o.&nbsp;<\/p>\n\n\n\n<p>Nos pr\u00f3ximos meses, continuaremos aprofundando nossa presen\u00e7a em todo o Brasil e expandindo ainda mais pela Am\u00e9rica Latina.<\/p>\n\n\n\n<p>A Am\u00e9rica Latina \u00e9 o ber\u00e7o de uma nova gera\u00e7\u00e3o de criadores de conte\u00fado: jovens, criativos e nativos digitais. Eles n\u00e3o seguem tend\u00eancias; eles criam-nas. E eles merecem ferramentas que correspondam \u00e0 sua ambi\u00e7\u00e3o.<\/p>\n\n\n\n<p>O Animaker est\u00e1 aqui para ser essa plataforma \u2013 o lugar onde suas ideias se transformam em hist\u00f3rias coloridas, vibrantes e impactantes.<\/p>\n\n\n\n<figure class=\"wp-block-image size-large\"><img loading=\"lazy\" decoding=\"async\" width=\"1024\" height=\"576\" src=\"https:\/\/www.animaker.co\/blog\/wp-content\/uploads\/2026\/04\/Brazil-Blog-08-1024x576.png\" alt=\"\" class=\"wp-image-4039\" srcset=\"https:\/\/www.animaker.co\/blog\/wp-content\/uploads\/2026\/04\/Brazil-Blog-08-1024x576.png 1024w, https:\/\/www.animaker.co\/blog\/wp-content\/uploads\/2026\/04\/Brazil-Blog-08-300x169.png 300w, https:\/\/www.animaker.co\/blog\/wp-content\/uploads\/2026\/04\/Brazil-Blog-08-768x432.png 768w, https:\/\/www.animaker.co\/blog\/wp-content\/uploads\/2026\/04\/Brazil-Blog-08.png 1200w\" sizes=\"(max-width: 1024px) 100vw, 1024px\" \/><\/figure>\n\n\n\n<h3 class=\"wp-block-heading\"><strong>Comece sua cria\u00e7\u00e3o ainda hoje<\/strong><\/h3>\n\n\n\n<p>Comece gratuitamente em <a href=\"https:\/\/www.animaker.co\/\" target=\"_blank\" rel=\"noreferrer noopener\">Animaker<\/a> um Junte-se \u00e0 nossa crescente comunidade de criadores brasileiros<\/p>\n\n\n\n<figure class=\"wp-block-image size-full\"><a href=\"https:\/\/calendly.com\/victor-animaker\/30-minute-meeting-animaker\" target=\"_blank\" rel=\"noreferrer noopener\"><img loading=\"lazy\" decoding=\"async\" width=\"900\" height=\"250\" src=\"https:\/\/www.animaker.co\/blog\/wp-content\/uploads\/2026\/04\/Brazil-Blog-10.png\" alt=\"Agende uma consulta\" class=\"wp-image-4040\" srcset=\"https:\/\/www.animaker.co\/blog\/wp-content\/uploads\/2026\/04\/Brazil-Blog-10.png 900w, https:\/\/www.animaker.co\/blog\/wp-content\/uploads\/2026\/04\/Brazil-Blog-10-300x83.png 300w, https:\/\/www.animaker.co\/blog\/wp-content\/uploads\/2026\/04\/Brazil-Blog-10-768x213.png 768w\" sizes=\"(max-width: 900px) 100vw, 900px\" \/><\/a><\/figure>\n","protected":false},"excerpt":{"rendered":"<p>H\u00e1 um pa\u00eds no Ocidente moldado por uma rica miscel\u00e2nea de culturas. Vive e respira a narrativa de hist\u00f3rias, do Samba e da arte de rua ao futebol e \u00e0 m\u00fasica funk.&nbsp; Seu nome evoca cores vibrantes e, por tr\u00e1s dele, uma onda de empreendedores locais est\u00e1 redefinindo a forma como as marcas crescem \u00e0 [&hellip;]<\/p>\n","protected":false},"author":123457,"featured_media":4055,"comment_status":"open","ping_status":"open","sticky":false,"template":"","format":"standard","meta":{"footnotes":""},"categories":[6],"tags":[],"yoast_head":"<!-- This site is optimized with the Yoast SEO plugin v21.9.1 - https:\/\/yoast.com\/wordpress\/plugins\/seo\/ -->\n<title>O Novo Cap\u00edtulo da Animaker no Rio de Janeiro!<\/title>\n<meta name=\"description\" content=\"Animaker chega ao Rio de Janeiro, levando seu criador de anima\u00e7\u00f5es com IA e novos recursos a criadores no Brasil e na Am\u00e9rica Latina.\" \/>\n<meta name=\"robots\" content=\"index, follow, max-snippet:-1, max-image-preview:large, max-video-preview:-1\" \/>\n<link rel=\"canonical\" href=\"https:\/\/www.animaker.co\/blog\/animaker-expansao-brasil\/\" \/>\n<meta property=\"og:locale\" content=\"en_US\" \/>\n<meta property=\"og:type\" content=\"article\" \/>\n<meta property=\"og:title\" content=\"O Novo Cap\u00edtulo da Animaker no Rio de Janeiro!\" \/>\n<meta property=\"og:description\" content=\"Animaker chega ao Rio de Janeiro, levando seu criador de anima\u00e7\u00f5es com IA e novos recursos a criadores no Brasil e na Am\u00e9rica Latina.\" \/>\n<meta property=\"og:url\" content=\"https:\/\/www.animaker.co\/blog\/animaker-expansao-brasil\/\" \/>\n<meta property=\"og:site_name\" content=\"Blog sobre Cria\u00e7\u00e3o e Marketing de V\u00eddeo\" \/>\n<meta property=\"article:published_time\" content=\"2026-04-16T16:06:55+00:00\" \/>\n<meta property=\"article:modified_time\" content=\"2026-04-16T16:17:03+00:00\" \/>\n<meta property=\"og:image\" content=\"https:\/\/www.animaker.co\/blog\/wp-content\/uploads\/2026\/04\/Brazil-Blog-05.png\" \/>\n\t<meta property=\"og:image:width\" content=\"760\" \/>\n\t<meta property=\"og:image:height\" content=\"340\" \/>\n\t<meta property=\"og:image:type\" content=\"image\/png\" \/>\n<meta name=\"author\" content=\"shreshtra\" \/>\n<meta name=\"twitter:card\" content=\"summary_large_image\" \/>\n<meta name=\"twitter:label1\" content=\"Written by\" \/>\n\t<meta name=\"twitter:data1\" content=\"shreshtra\" \/>\n\t<meta name=\"twitter:label2\" content=\"Est. reading time\" \/>\n\t<meta name=\"twitter:data2\" content=\"7 minutes\" \/>\n<script type=\"application\/ld+json\" class=\"yoast-schema-graph\">{\"@context\":\"https:\/\/schema.org\",\"@graph\":[{\"@type\":\"WebPage\",\"@id\":\"https:\/\/www.animaker.co\/blog\/animaker-expansao-brasil\/\",\"url\":\"https:\/\/www.animaker.co\/blog\/animaker-expansao-brasil\/\",\"name\":\"O Novo Cap\u00edtulo da Animaker no Rio de Janeiro!\",\"isPartOf\":{\"@id\":\"https:\/\/www.animaker.co\/blog\/#website\"},\"datePublished\":\"2026-04-16T16:06:55+00:00\",\"dateModified\":\"2026-04-16T16:17:03+00:00\",\"author\":{\"@id\":\"https:\/\/www.animaker.co\/blog\/#\/schema\/person\/ff81623e42de89499bb82a306c0adf4a\"},\"description\":\"Animaker chega ao Rio de Janeiro, levando seu criador de anima\u00e7\u00f5es com IA e novos recursos a criadores no Brasil e na Am\u00e9rica Latina.\",\"breadcrumb\":{\"@id\":\"https:\/\/www.animaker.co\/blog\/animaker-expansao-brasil\/#breadcrumb\"},\"inLanguage\":\"en-US\",\"potentialAction\":[{\"@type\":\"ReadAction\",\"target\":[\"https:\/\/www.animaker.co\/blog\/animaker-expansao-brasil\/\"]}]},{\"@type\":\"BreadcrumbList\",\"@id\":\"https:\/\/www.animaker.co\/blog\/animaker-expansao-brasil\/#breadcrumb\",\"itemListElement\":[{\"@type\":\"ListItem\",\"position\":1,\"name\":\"Home\",\"item\":\"https:\/\/www.animaker.co\/blog\/\"},{\"@type\":\"ListItem\",\"position\":2,\"name\":\"Levando a arte de contar hist\u00f3rias para o mundo &#8211; O novo cap\u00edtulo da Animaker no Rio de Janeiro!\"}]},{\"@type\":\"WebSite\",\"@id\":\"https:\/\/www.animaker.co\/blog\/#website\",\"url\":\"https:\/\/www.animaker.co\/blog\/\",\"name\":\"Blog sobre Cria\u00e7\u00e3o e Marketing de V\u00eddeo\",\"description\":\"Just another WordPress site\",\"potentialAction\":[{\"@type\":\"SearchAction\",\"target\":{\"@type\":\"EntryPoint\",\"urlTemplate\":\"https:\/\/www.animaker.co\/blog\/?s={search_term_string}\"},\"query-input\":\"required name=search_term_string\"}],\"inLanguage\":\"en-US\"},{\"@type\":\"Person\",\"@id\":\"https:\/\/www.animaker.co\/blog\/#\/schema\/person\/ff81623e42de89499bb82a306c0adf4a\",\"name\":\"shreshtra\",\"image\":{\"@type\":\"ImageObject\",\"inLanguage\":\"en-US\",\"@id\":\"https:\/\/www.animaker.co\/blog\/#\/schema\/person\/image\/\",\"url\":\"https:\/\/secure.gravatar.com\/avatar\/f7cfb10efd71ba0b5d20ec0c7e05ada9?s=96&d=mm&r=g\",\"contentUrl\":\"https:\/\/secure.gravatar.com\/avatar\/f7cfb10efd71ba0b5d20ec0c7e05ada9?s=96&d=mm&r=g\",\"caption\":\"shreshtra\"},\"url\":\"https:\/\/www.animaker.co\/blog\/author\/shreshtra\/\"}]}<\/script>\n<!-- \/ Yoast SEO plugin. -->","yoast_head_json":{"title":"O Novo Cap\u00edtulo da Animaker no Rio de Janeiro!","description":"Animaker chega ao Rio de Janeiro, levando seu criador de anima\u00e7\u00f5es com IA e novos recursos a criadores no Brasil e na Am\u00e9rica Latina.","robots":{"index":"index","follow":"follow","max-snippet":"max-snippet:-1","max-image-preview":"max-image-preview:large","max-video-preview":"max-video-preview:-1"},"canonical":"https:\/\/www.animaker.co\/blog\/animaker-expansao-brasil\/","og_locale":"en_US","og_type":"article","og_title":"O Novo Cap\u00edtulo da Animaker no Rio de Janeiro!","og_description":"Animaker chega ao Rio de Janeiro, levando seu criador de anima\u00e7\u00f5es com IA e novos recursos a criadores no Brasil e na Am\u00e9rica Latina.","og_url":"https:\/\/www.animaker.co\/blog\/animaker-expansao-brasil\/","og_site_name":"Blog sobre Cria\u00e7\u00e3o e Marketing de V\u00eddeo","article_published_time":"2026-04-16T16:06:55+00:00","article_modified_time":"2026-04-16T16:17:03+00:00","og_image":[{"width":760,"height":340,"url":"https:\/\/www.animaker.co\/blog\/wp-content\/uploads\/2026\/04\/Brazil-Blog-05.png","type":"image\/png"}],"author":"shreshtra","twitter_card":"summary_large_image","twitter_misc":{"Written by":"shreshtra","Est. reading time":"7 minutes"},"schema":{"@context":"https:\/\/schema.org","@graph":[{"@type":"WebPage","@id":"https:\/\/www.animaker.co\/blog\/animaker-expansao-brasil\/","url":"https:\/\/www.animaker.co\/blog\/animaker-expansao-brasil\/","name":"O Novo Cap\u00edtulo da Animaker no Rio de Janeiro!","isPartOf":{"@id":"https:\/\/www.animaker.co\/blog\/#website"},"datePublished":"2026-04-16T16:06:55+00:00","dateModified":"2026-04-16T16:17:03+00:00","author":{"@id":"https:\/\/www.animaker.co\/blog\/#\/schema\/person\/ff81623e42de89499bb82a306c0adf4a"},"description":"Animaker chega ao Rio de Janeiro, levando seu criador de anima\u00e7\u00f5es com IA e novos recursos a criadores no Brasil e na Am\u00e9rica Latina.","breadcrumb":{"@id":"https:\/\/www.animaker.co\/blog\/animaker-expansao-brasil\/#breadcrumb"},"inLanguage":"en-US","potentialAction":[{"@type":"ReadAction","target":["https:\/\/www.animaker.co\/blog\/animaker-expansao-brasil\/"]}]},{"@type":"BreadcrumbList","@id":"https:\/\/www.animaker.co\/blog\/animaker-expansao-brasil\/#breadcrumb","itemListElement":[{"@type":"ListItem","position":1,"name":"Home","item":"https:\/\/www.animaker.co\/blog\/"},{"@type":"ListItem","position":2,"name":"Levando a arte de contar hist\u00f3rias para o mundo &#8211; O novo cap\u00edtulo da Animaker no Rio de Janeiro!"}]},{"@type":"WebSite","@id":"https:\/\/www.animaker.co\/blog\/#website","url":"https:\/\/www.animaker.co\/blog\/","name":"Blog sobre Cria\u00e7\u00e3o e Marketing de V\u00eddeo","description":"Just another WordPress site","potentialAction":[{"@type":"SearchAction","target":{"@type":"EntryPoint","urlTemplate":"https:\/\/www.animaker.co\/blog\/?s={search_term_string}"},"query-input":"required name=search_term_string"}],"inLanguage":"en-US"},{"@type":"Person","@id":"https:\/\/www.animaker.co\/blog\/#\/schema\/person\/ff81623e42de89499bb82a306c0adf4a","name":"shreshtra","image":{"@type":"ImageObject","inLanguage":"en-US","@id":"https:\/\/www.animaker.co\/blog\/#\/schema\/person\/image\/","url":"https:\/\/secure.gravatar.com\/avatar\/f7cfb10efd71ba0b5d20ec0c7e05ada9?s=96&d=mm&r=g","contentUrl":"https:\/\/secure.gravatar.com\/avatar\/f7cfb10efd71ba0b5d20ec0c7e05ada9?s=96&d=mm&r=g","caption":"shreshtra"},"url":"https:\/\/www.animaker.co\/blog\/author\/shreshtra\/"}]}},"_links":{"self":[{"href":"https:\/\/www.animaker.co\/blog\/wp-json\/wp\/v2\/posts\/4048"}],"collection":[{"href":"https:\/\/www.animaker.co\/blog\/wp-json\/wp\/v2\/posts"}],"about":[{"href":"https:\/\/www.animaker.co\/blog\/wp-json\/wp\/v2\/types\/post"}],"author":[{"embeddable":true,"href":"https:\/\/www.animaker.co\/blog\/wp-json\/wp\/v2\/users\/123457"}],"replies":[{"embeddable":true,"href":"https:\/\/www.animaker.co\/blog\/wp-json\/wp\/v2\/comments?post=4048"}],"version-history":[{"count":9,"href":"https:\/\/www.animaker.co\/blog\/wp-json\/wp\/v2\/posts\/4048\/revisions"}],"predecessor-version":[{"id":4062,"href":"https:\/\/www.animaker.co\/blog\/wp-json\/wp\/v2\/posts\/4048\/revisions\/4062"}],"wp:featuredmedia":[{"embeddable":true,"href":"https:\/\/www.animaker.co\/blog\/wp-json\/wp\/v2\/media\/4055"}],"wp:attachment":[{"href":"https:\/\/www.animaker.co\/blog\/wp-json\/wp\/v2\/media?parent=4048"}],"wp:term":[{"taxonomy":"category","embeddable":true,"href":"https:\/\/www.animaker.co\/blog\/wp-json\/wp\/v2\/categories?post=4048"},{"taxonomy":"post_tag","embeddable":true,"href":"https:\/\/www.animaker.co\/blog\/wp-json\/wp\/v2\/tags?post=4048"}],"curies":[{"name":"wp","href":"https:\/\/api.w.org\/{rel}","templated":true}]}}